
{"id":6154,"date":"2026-03-04T08:28:14","date_gmt":"2026-03-04T11:28:14","guid":{"rendered":"https:\/\/guairaimoveis.com.br\/blog\/?p=6154"},"modified":"2026-03-04T08:46:44","modified_gmt":"2026-03-04T11:46:44","slug":"vila-nova-conceicao-zona-sul-de-sp-guia","status":"publish","type":"post","link":"https:\/\/guairaimoveis.com.br\/blog\/vila-nova-conceicao-zona-sul-de-sp-guia\/","title":{"rendered":"Vila Nova Concei\u00e7\u00e3o: guia do bairro nobre da zona sul de SP"},"content":{"rendered":"\n<p class=\"has-medium-font-size\"><strong><em>A Vila Nova Concei\u00e7\u00e3o \u00e9 um dos endere\u00e7os mais desejados (e valorizados) de S\u00e3o Paulo, e n\u00e3o \u00e9 por acaso.&nbsp;<\/em><\/strong><\/p>\n\n\n\n<p class=\"has-medium-font-size\">O bairro combina ruas arborizadas, oferta forte de servi\u00e7os, acesso r\u00e1pido a eixos corporativos e uma vizinhan\u00e7a \u201cde alto padr\u00e3o\u201d que inclui Itaim Bibi, Moema, Jardim Paulista e a \u00e1rea do Parque Ibirapuera.&nbsp;<\/p>\n\n\n\n<p class=\"has-medium-font-size\">Neste guia, voc\u00ea vai entender qual zona de SP \u00e9 a Vila Nova Concei\u00e7\u00e3o, como \u00e9 o dia a dia, infraestrutura, mobilidade, escolas, lazer, gastronomia, al\u00e9m de um olhar pr\u00e1tico para compradores e investidores , inclusive com pontos de aten\u00e7\u00e3o para comparar com outras <a href=\"https:\/\/guairaimoveis.com.br\/blog\/melhores-bairros-da-zona-sul-de-sp\/\"><strong>op\u00e7\u00f5es da zona sul.<\/strong><\/a><\/p>\n\n\n\n<p class=\"has-medium-font-size\">Confira!&nbsp;<\/p>\n\n\n\n<h2 class=\"wp-block-heading\"><strong>Vila Nova Concei\u00e7\u00e3o: qual zona de SP \u00e9 e onde fica o bairro?<\/strong><\/h2>\n\n\n\n<p class=\"has-medium-font-size\">A Vila Nova Concei\u00e7\u00e3o fica na Zona Sul de S\u00e3o Paulo e est\u00e1 vinculada ao distrito de <a href=\"https:\/\/guairaimoveis.com.br\/blog\/morar-em-moema\/\">Moema<\/a>, com administra\u00e7\u00e3o da subprefeitura da regi\u00e3o (Vila Mariana).&nbsp;<\/p>\n\n\n\n<p class=\"has-medium-font-size\">Na pr\u00e1tica, ela fica \u201ccolada\u201d em polos como Ibirapuera, Vila Ol\u00edmpia e Itaim Bibi, o que explica parte do apelo para quem quer morar bem e manter a rotina perto de trabalho, escolas e servi\u00e7os.<\/p>\n\n\n\n<p class=\"has-medium-font-size\">O perfil dos bairros vizinhos comuns na decis\u00e3o de compra:<\/p>\n\n\n\n<ul>\n<li class=\"has-medium-font-size\">&nbsp;Itaim Bibi (muito corporativo, servi\u00e7os e vida noturna)<\/li>\n\n\n\n<li class=\"has-medium-font-size\">&nbsp;Moema (forte em com\u00e9rcio e \u201cvida a p\u00e9\u201d)<\/li>\n\n\n\n<li class=\"has-medium-font-size\">&nbsp;Jardim Paulista (perfil residencial e sofisticado)<\/li>\n\n\n\n<li class=\"has-medium-font-size\">&nbsp;Vila Ol\u00edmpia (hub empresarial e de tecnologia)<\/li>\n<\/ul>\n\n\n\n<h2 class=\"wp-block-heading\"><strong>Por que a Vila Nova Concei\u00e7\u00e3o \u00e9 considerada um bairro nobre?<\/strong><\/h2>\n\n\n\n<p class=\"has-medium-font-size\">Al\u00e9m do perfil socioecon\u00f4mico e do tipo de empreendimento predominante, a Vila Nova Concei\u00e7\u00e3o se destaca por um conjunto bem espec\u00edfico:<\/p>\n\n\n\n<ul>\n<li class=\"has-medium-font-size\">Ruas mais calmas e arborizadas, com sensa\u00e7\u00e3o residencial (mesmo perto de grandes avenidas).&nbsp;<\/li>\n<\/ul>\n\n\n\n<ul>\n<li class=\"has-medium-font-size\">Empreendimentos verticais de alto padr\u00e3o, com plantas maiores e condom\u00ednios completos (muito valorizados para fam\u00edlias e executivos).<\/li>\n<\/ul>\n\n\n\n<p class=\"has-medium-font-size\">A <a href=\"https:\/\/sampanews.prefeitura.sp.gov.br\/web\/sampa-news\/w\/prefeitura-entrega-nova-etapa-de-requalifica%C3%A7%C3%A3o-da-avenida-santo-amaro?redirect=%2Fweb%2Fsampa-news%2Fw%2Fcarnaval-de-rua-de-s%25C3%25A3o-paulo-2026-ter%25C3%25A1-patroc%25C3%25ADnio-recorde-de-r-29-2-milh%25C3%25B5es%3Fredirect%3D%252Fweb%252Fsampa-news%252Fw%252F20251012-maes-guardias#:~:text=Vila%20Nova%20Concei%C3%A7%C3%A3o.%20Com%20um%20investimento%20total,al%C3%A9m%20da%20constru%C3%A7%C3%A3o%20de%20cal%C3%A7adas%20acess%C3%ADveis%20em\" target=\"_blank\" rel=\"noreferrer noopener\">Prefeitura entregou etapa de requalifica\u00e7\u00e3o na Avenida Santo Amaro<\/a>, com enterramento de fios, ilumina\u00e7\u00e3o em LED e moderniza\u00e7\u00e3o de corredores e pontos de \u00f4nibus, incluindo o trecho entre a Av. JK e Rua Periquito, na Vila Nova Concei\u00e7\u00e3o.\u00a0<\/p>\n\n\n\n<p class=\"has-medium-font-size\">Esse pacote \u201clocaliza\u00e7\u00e3o + qualidade urbana + padr\u00e3o construtivo\u201d costuma ser o motor da reputa\u00e7\u00e3o de bairro nobre.<\/p>\n\n\n\n<h2 class=\"wp-block-heading\">Mobilidade: por que o bairro funciona para a rotina corporativa e familiar?<\/h2>\n\n\n\n<p class=\"has-medium-font-size\">A Vila Nova Concei\u00e7\u00e3o se encaixa bem para quem precisa circular por regi\u00f5es estrat\u00e9gicas. Tr\u00eas eixos costumam aparecer no dia a dia:<\/p>\n\n\n\n<ul class=\"has-medium-font-size\">\n<li>Avenida Santo Amaro (corredores e requalifica\u00e7\u00e3o recente em trechos);<\/li>\n<\/ul>\n\n\n\n<ul class=\"has-medium-font-size\">\n<li>Avenida Brigadeiro Faria Lima (conex\u00e3o com Itaim\/Faria Lima e \u00e1rea corporativa);<\/li>\n<\/ul>\n\n\n\n<ul class=\"has-medium-font-size\">\n<li>Avenida Presidente Juscelino Kubitschek (Av. JK) (ponte r\u00e1pida para Vila Ol\u00edmpia\/Itaim).<\/li>\n<\/ul>\n\n\n\n<p class=\"has-medium-font-size\">Ela costuma ser eficiente para quem trabalha em regi\u00f5es centrais e quer morar perto de servi\u00e7os <em>premium.<\/em><\/p>\n\n\n\n<h2 class=\"wp-block-heading\"><strong>Educa\u00e7\u00e3o: escolas e ensino superior por perto<\/strong><\/h2>\n\n\n\n<p class=\"has-medium-font-size\">Para fam\u00edlias, o bairro e o entorno oferecem op\u00e7\u00f5es bem fortes no quesito educa\u00e7\u00e3o, como:<\/p>\n\n\n\n<ul>\n<li class=\"has-medium-font-size\">Maple Bear (unidade Vila Nova) \u2013 Rua Inajaroba, 88.<\/li>\n<\/ul>\n\n\n\n<ul class=\"has-medium-font-size\">\n<li>Col\u00e9gio Louren\u00e7o Castanho &#8211; R. Louren\u00e7o Castanho, 273<\/li>\n<\/ul>\n\n\n\n<ul class=\"has-medium-font-size\">\n<li>COMPA | Col\u00e9gio da Companhia de Maria (S\u00e3o Paulo) \u2013 Rua Afonso Braz, 847.&nbsp;<\/li>\n<\/ul>\n\n\n\n<p class=\"has-medium-font-size\"><strong>Ensino superior no entorno<\/strong>:<strong>&nbsp;<\/strong><\/p>\n\n\n\n<ul>\n<li class=\"has-medium-font-size\">Acesso facilitado a institui\u00e7\u00f5es como o Insper e Anhembi Morumbi na Vila Ol\u00edmpia.<\/li>\n<\/ul>\n\n\n\n<h2 class=\"wp-block-heading\"><strong>Sa\u00fade: <\/strong>hospitais de refer\u00eancia na regi\u00e3o<\/h2>\n\n\n\n<p class=\"has-medium-font-size\">Na sa\u00fade, o bairro e o entorno imediato concentram hospitais muito procurados:<\/p>\n\n\n\n<ul class=\"has-medium-font-size\">\n<li>Hospital Vila Nova Star (Rede D\u2019Or) \u2013 refer\u00eancia de alto padr\u00e3o, com expans\u00e3o\/estrutura pedi\u00e1trica divulgada pela imprensa especializada.<\/li>\n<\/ul>\n\n\n\n<ul class=\"has-medium-font-size\">\n<li>Hospital S\u00e3o Luiz \u2013 Unidade Itaim (no entorno, muito utilizado por moradores da regi\u00e3o).<\/li>\n<\/ul>\n\n\n\n<h2 class=\"wp-block-heading\"><strong>Lazer e verde: <\/strong>Pra\u00e7a Pereira Coutinho e Ibirapuera no radar<\/h2>\n\n\n\n<p class=\"has-medium-font-size\">Dois pontos resumem bem o \u201cestilo Vila Nova\u201d:<\/p>\n\n\n\n<ul>\n<li class=\"has-medium-font-size\">A\u00a0 Pra\u00e7a Pereira Coutinho tem um\u00a0clima de bairro, ideal para passeio curto, encontro de moradores e rotina com pets.<\/li>\n<\/ul>\n\n\n\n<ul>\n<li class=\"has-medium-font-size\">J\u00e1 a proximidade com o Parque Ibirapuera aproxima os moradores dos maiores ativos de lazer da cidade, com acesso muito pr\u00e1tico para quem mora aqui.<\/li>\n<\/ul>\n\n\n\n<p class=\"has-medium-font-size\">Para quem valoriza esporte, bem-estar e vida ao ar livre, isso pesa (e muito) na escolha.<\/p>\n\n\n\n<h2 class=\"wp-block-heading\"><strong>Gastronomia: o que esperar do bairro<\/strong><\/h2>\n\n\n\n<p class=\"has-medium-font-size\">A Vila Nova Concei\u00e7\u00e3o entrega uma gastronomia com cara de \u201cbairro premium\u201d: restaurantes autorais, casas bem avaliadas, bons caf\u00e9s e servi\u00e7os que conversam com o p\u00fablico local.&nbsp;<\/p>\n\n\n\n<ul>\n<li class=\"has-medium-font-size\"><strong>Exemplos frequentemente lembrados por quem circula na regi\u00e3o incluem<\/strong>: Nena Cocina, Frutaria S\u00e3o Paulo, Ruella Bistr\u00f4 e casas de culin\u00e1ria japonesa.<\/li>\n<\/ul>\n\n\n\n<p class=\"has-medium-font-size\"><strong>\u2192 Sugest\u00e3o pr\u00e1tica:<\/strong> antes de fechar um im\u00f3vel, vale visitar o bairro em 3 hor\u00e1rios (almo\u00e7o, noite e fim de semana) para sentir ru\u00eddo, fluxo e \u201cvibe\u201d real. Para quem a Vila Nova Concei\u00e7\u00e3o costuma ser a melhor escolha?<\/p>\n\n\n\n<h2 class=\"wp-block-heading\"><strong>Grandes shoppings na regi\u00e3o<\/strong><\/h2>\n\n\n\n<p class=\"has-medium-font-size\">Morar na Vila Nova Concei\u00e7\u00e3o significa estar a poucos minutos de alguns dos shoppings mais sofisticados e completos da cidade, como:<\/p>\n\n\n\n<ul>\n<li class=\"has-medium-font-size\"><strong>JK Iguatemi:<\/strong> localizado na Vila Ol\u00edmpia, \u00e9 refer\u00eancia em marcas de luxo, gastronomia e experi\u00eancias exclusivas. Fica a poucos minutos da Vila Nova Concei\u00e7\u00e3o, com acesso r\u00e1pido pela Av. JK.<\/li>\n<\/ul>\n\n\n\n<ul>\n<li class=\"has-medium-font-size\"><strong>Shopping Vila Ol\u00edmpia<\/strong>: com forte presen\u00e7a de lojas de moda, servi\u00e7os e op\u00e7\u00f5es gastron\u00f4micas, \u00e9 uma alternativa pr\u00e1tica para o dia a dia.<\/li>\n<\/ul>\n\n\n\n<ul>\n<li class=\"has-medium-font-size\"><strong>Iguatemi S\u00e3o Paulo: <\/strong>um dos shoppings mais tradicionais da cidade, na regi\u00e3o da Faria Lima, tamb\u00e9m acess\u00edvel em poucos minutos de carro.<\/li>\n<\/ul>\n\n\n\n<h2 class=\"wp-block-heading\"><strong>Valoriza\u00e7\u00e3o dos im\u00f3veis em Vila Nova Concei\u00e7\u00e3o<\/strong><\/h2>\n\n\n\n<p class=\"has-medium-font-size\">Reportagens com base no \u00cdndice FipeZAP j\u00e1 colocaram a Vila Nova Concei\u00e7\u00e3o como um dos endere\u00e7os com m\u00b2 mais caro, com valor m\u00e9dio na casa de R$ 25,9 mil\/m\u00b2.<\/p>\n\n\n\n<p class=\"has-medium-font-size\">Em termos de \u201cmovimento de rua\u201d e valoriza\u00e7\u00e3o pontual, a <strong>Rua Domingos Fernandes <a href=\"https:\/\/istoedinheiro.com.br\/confira-quais-as-ruas-de-sao-paulo-que-mais-valorizaram-em-2024\" target=\"_blank\" rel=\"noreferrer noopener\">a<\/a><\/strong><a href=\"https:\/\/istoedinheiro.com.br\/confira-quais-as-ruas-de-sao-paulo-que-mais-valorizaram-em-2024\" target=\"_blank\" rel=\"noreferrer noopener\">pareceu como l\u00edder de valoriza\u00e7\u00e3o em levantamento<\/a>, com alta de 220% e t\u00edquete m\u00e9dio de venda por volta de R$ 6,3 milh\u00f5es.<\/p>\n\n\n\n<p class=\"has-medium-font-size\">Essas informa\u00e7\u00f5es pesam para quem busca um im\u00f3vel que se valorize a longo prazo, seja investidor ou comprador com vis\u00e3o de futuro.<\/p>\n\n\n\n<h2 class=\"wp-block-heading\"><strong>Vila Nova Concei\u00e7\u00e3o: uma escolha luxuosa e valorizada para o futuro<\/strong><\/h2>\n\n\n\n<p class=\"has-medium-font-size\">Portanto, a Vila Nova Concei\u00e7\u00e3o \u00e9 uma escolha forte para quem procura um bairro nobre na zona sul de SP, com alto padr\u00e3o de im\u00f3veis, vizinhan\u00e7a qualificada, servi\u00e7os premium e acesso r\u00e1pido \u00e0 polos corporativos, al\u00e9m do b\u00f4nus de estar perto do Ibirapuera.&nbsp;<\/p>\n\n\n\n<p class=\"has-medium-font-size\">Com pre\u00e7os elevados, a decis\u00e3o costuma ser menos sobre \u201cachar barato\u201d e mais sobre acertar o im\u00f3vel certo dentro do micro perfil que o bairro valoriza (rua, pr\u00e9dio, planta e manuten\u00e7\u00e3o).<\/p>\n\n\n\n<p class=\"has-medium-font-size\">Quer ajuda para filtrar as melhores oportunidades (na Vila Nova Concei\u00e7\u00e3o e tamb\u00e9m em bairros concorrentes da zona sul)? <a href=\"https:\/\/guairaimoveis.com.br\/imoveis?codigo=&amp;finalidade=Venda&amp;cidade=S%C3%A3o+Paulo&amp;bairros%5B%5D=Vila+Nova+Concei%C3%A7%C3%A3o&amp;valormin=&amp;valormax=&amp;numeroquartos=&amp;numerosuites=&amp;numerovagas=&amp;areamin=&amp;areamax=\" target=\"_blank\" rel=\"noreferrer noopener\"><strong>Conhe\u00e7a as op\u00e7\u00f5es de im\u00f3veis dispon\u00edveis na regi\u00e3o.<\/strong><\/a><\/p>\n","protected":false},"excerpt":{"rendered":"<p>Vila Nova Concei\u00e7\u00e3o: entenda como \u00e9 o dia a dia, escolas, mobilidade, lazer e o perfil de im\u00f3veis no bairro nobre da zona sul de SP.<\/p>\n","protected":false},"author":2,"featured_media":6155,"comment_status":"open","ping_status":"open","sticky":false,"template":"","format":"standard","meta":{"footnotes":""},"categories":[7],"tags":[599,602,598],"yoast_head":"<!-- This site is optimized with the Yoast SEO plugin v21.6 - https:\/\/yoast.com\/wordpress\/plugins\/seo\/ -->\n<title>Vila Nova Concei\u00e7\u00e3o: guia completo do bairro nobre de SP<\/title>\n<meta name=\"description\" content=\"Vila Nova Concei\u00e7\u00e3o: entenda como \u00e9 o dia a dia, escolas, mobilidade, lazer e o perfil de im\u00f3veis no bairro nobre da zona sul de SP.\" \/>\n<meta name=\"robots\" content=\"index, follow, max-snippet:-1, max-image-preview:large, max-video-preview:-1\" \/>\n<link rel=\"canonical\" href=\"https:\/\/guairaimoveis.com.br\/blog\/vila-nova-conceicao-zona-sul-de-sp-guia\/\" \/>\n<meta property=\"og:locale\" content=\"pt_BR\" \/>\n<meta property=\"og:type\" content=\"article\" \/>\n<meta property=\"og:title\" content=\"Vila Nova Concei\u00e7\u00e3o: guia completo do bairro nobre de SP\" \/>\n<meta property=\"og:description\" content=\"Vila Nova Concei\u00e7\u00e3o: entenda como \u00e9 o dia a dia, escolas, mobilidade, lazer e o perfil de im\u00f3veis no bairro nobre da zona sul de SP.\" \/>\n<meta property=\"og:url\" content=\"https:\/\/guairaimoveis.com.br\/blog\/vila-nova-conceicao-zona-sul-de-sp-guia\/\" \/>\n<meta property=\"og:site_name\" content=\"Blog da Gua\u00edra\" \/>\n<meta property=\"article:published_time\" content=\"2026-03-04T11:28:14+00:00\" \/>\n<meta property=\"article:modified_time\" content=\"2026-03-04T11:46:44+00:00\" \/>\n<meta property=\"og:image\" content=\"https:\/\/guairaimoveis.com.br\/blog\/wp-content\/uploads\/2026\/03\/vila-nova-conceicao-zona-sul-sp-1-scaled.jpg\" \/>\n\t<meta property=\"og:image:width\" content=\"2560\" \/>\n\t<meta property=\"og:image:height\" content=\"1709\" \/>\n\t<meta property=\"og:image:type\" content=\"image\/jpeg\" \/>\n<meta name=\"author\" content=\"Gua\u00edra Neg\u00f3cios Imobili\u00e1rios\" \/>\n<meta name=\"twitter:card\" content=\"summary_large_image\" \/>\n<meta name=\"twitter:label1\" content=\"Escrito por\" \/>\n\t<meta name=\"twitter:data1\" content=\"Gua\u00edra Neg\u00f3cios Imobili\u00e1rios\" \/>\n\t<meta name=\"twitter:label2\" content=\"Est. tempo de leitura\" \/>\n\t<meta name=\"twitter:data2\" content=\"6 minutos\" \/>\n<!-- \/ Yoast SEO plugin. -->","yoast_head_json":{"title":"Vila Nova Concei\u00e7\u00e3o: guia completo do bairro nobre de SP","description":"Vila Nova Concei\u00e7\u00e3o: entenda como \u00e9 o dia a dia, escolas, mobilidade, lazer e o perfil de im\u00f3veis no bairro nobre da zona sul de SP.","robots":{"index":"index","follow":"follow","max-snippet":"max-snippet:-1","max-image-preview":"max-image-preview:large","max-video-preview":"max-video-preview:-1"},"canonical":"https:\/\/guairaimoveis.com.br\/blog\/vila-nova-conceicao-zona-sul-de-sp-guia\/","og_locale":"pt_BR","og_type":"article","og_title":"Vila Nova Concei\u00e7\u00e3o: guia completo do bairro nobre de SP","og_description":"Vila Nova Concei\u00e7\u00e3o: entenda como \u00e9 o dia a dia, escolas, mobilidade, lazer e o perfil de im\u00f3veis no bairro nobre da zona sul de SP.","og_url":"https:\/\/guairaimoveis.com.br\/blog\/vila-nova-conceicao-zona-sul-de-sp-guia\/","og_site_name":"Blog da Gua\u00edra","article_published_time":"2026-03-04T11:28:14+00:00","article_modified_time":"2026-03-04T11:46:44+00:00","og_image":[{"width":2560,"height":1709,"url":"https:\/\/guairaimoveis.com.br\/blog\/wp-content\/uploads\/2026\/03\/vila-nova-conceicao-zona-sul-sp-1-scaled.jpg","type":"image\/jpeg"}],"author":"Gua\u00edra Neg\u00f3cios Imobili\u00e1rios","twitter_card":"summary_large_image","twitter_misc":{"Escrito por":"Gua\u00edra Neg\u00f3cios Imobili\u00e1rios","Est. tempo de leitura":"6 minutos"},"schema":{"@context":"https:\/\/schema.org","@graph":[{"@type":"Article","@id":"https:\/\/guairaimoveis.com.br\/blog\/vila-nova-conceicao-zona-sul-de-sp-guia\/#article","isPartOf":{"@id":"https:\/\/guairaimoveis.com.br\/blog\/vila-nova-conceicao-zona-sul-de-sp-guia\/"},"author":{"name":"Gua\u00edra Neg\u00f3cios Imobili\u00e1rios","@id":"https:\/\/guairaimoveis.com.br\/blog\/#\/schema\/person\/40e0b9c04f378050e2a50c39a880ca48"},"headline":"Vila Nova Concei\u00e7\u00e3o: guia do bairro nobre da zona sul de SP","datePublished":"2026-03-04T11:28:14+00:00","dateModified":"2026-03-04T11:46:44+00:00","mainEntityOfPage":{"@id":"https:\/\/guairaimoveis.com.br\/blog\/vila-nova-conceicao-zona-sul-de-sp-guia\/"},"wordCount":1161,"commentCount":0,"publisher":{"@id":"https:\/\/guairaimoveis.com.br\/blog\/#organization"},"keywords":["melhores bairros zona sul de sp","vila nova concei\u00e7\u00e3o","zona sul de sp"],"articleSection":["Mercado Imobili\u00e1rio"],"inLanguage":"pt-BR","potentialAction":[{"@type":"CommentAction","name":"Comment","target":["https:\/\/guairaimoveis.com.br\/blog\/vila-nova-conceicao-zona-sul-de-sp-guia\/#respond"]}]},{"@type":"WebPage","@id":"https:\/\/guairaimoveis.com.br\/blog\/vila-nova-conceicao-zona-sul-de-sp-guia\/","url":"https:\/\/guairaimoveis.com.br\/blog\/vila-nova-conceicao-zona-sul-de-sp-guia\/","name":"Vila Nova Concei\u00e7\u00e3o: guia completo do bairro nobre de SP","isPartOf":{"@id":"https:\/\/guairaimoveis.com.br\/blog\/#website"},"datePublished":"2026-03-04T11:28:14+00:00","dateModified":"2026-03-04T11:46:44+00:00","description":"Vila Nova Concei\u00e7\u00e3o: entenda como \u00e9 o dia a dia, escolas, mobilidade, lazer e o perfil de im\u00f3veis no bairro nobre da zona sul de SP.","breadcrumb":{"@id":"https:\/\/guairaimoveis.com.br\/blog\/vila-nova-conceicao-zona-sul-de-sp-guia\/#breadcrumb"},"inLanguage":"pt-BR","potentialAction":[{"@type":"ReadAction","target":["https:\/\/guairaimoveis.com.br\/blog\/vila-nova-conceicao-zona-sul-de-sp-guia\/"]}]},{"@type":"BreadcrumbList","@id":"https:\/\/guairaimoveis.com.br\/blog\/vila-nova-conceicao-zona-sul-de-sp-guia\/#breadcrumb","itemListElement":[{"@type":"ListItem","position":1,"name":"In\u00edcio","item":"https:\/\/guairaimoveis.com.br\/blog\/"},{"@type":"ListItem","position":2,"name":"Vila Nova Concei\u00e7\u00e3o: guia do bairro nobre da zona sul de SP"}]},{"@type":"WebSite","@id":"https:\/\/guairaimoveis.com.br\/blog\/#website","url":"https:\/\/guairaimoveis.com.br\/blog\/","name":"Blog da Gua\u00edra","description":"Aqui voc\u00ea vai encontrar conte\u00fados incr\u00edveis sobre o mercado imobili\u00e1rio e tirar todas as d\u00favidas que voc\u00ea tem na hora de comprar, alugar ou negociar um im\u00f3vel.","publisher":{"@id":"https:\/\/guairaimoveis.com.br\/blog\/#organization"},"alternateName":"Gua\u00edra","potentialAction":[{"@type":"SearchAction","target":{"@type":"EntryPoint","urlTemplate":"https:\/\/guairaimoveis.com.br\/blog\/?s={search_term_string}"},"query-input":"required name=search_term_string"}],"inLanguage":"pt-BR"},{"@type":"Organization","@id":"https:\/\/guairaimoveis.com.br\/blog\/#organization","name":"Blog da Gua\u00edra","url":"https:\/\/guairaimoveis.com.br\/blog\/","logo":{"@type":"ImageObject","inLanguage":"pt-BR","@id":"https:\/\/guairaimoveis.com.br\/blog\/#\/schema\/logo\/image\/","url":"https:\/\/guairaimoveis.com.br\/blog\/wp-content\/uploads\/2022\/04\/logo-200x55-1.png","contentUrl":"https:\/\/guairaimoveis.com.br\/blog\/wp-content\/uploads\/2022\/04\/logo-200x55-1.png","width":200,"height":55,"caption":"Blog da Gua\u00edra"},"image":{"@id":"https:\/\/guairaimoveis.com.br\/blog\/#\/schema\/logo\/image\/"}},{"@type":"Person","@id":"https:\/\/guairaimoveis.com.br\/blog\/#\/schema\/person\/40e0b9c04f378050e2a50c39a880ca48","name":"Gua\u00edra Neg\u00f3cios Imobili\u00e1rios","image":{"@type":"ImageObject","inLanguage":"pt-BR","@id":"https:\/\/guairaimoveis.com.br\/blog\/#\/schema\/person\/image\/","url":"https:\/\/secure.gravatar.com\/avatar\/4f6f5c8fa05083d65db1b175f0c4b8b0?s=96&d=mm&r=g","contentUrl":"https:\/\/secure.gravatar.com\/avatar\/4f6f5c8fa05083d65db1b175f0c4b8b0?s=96&d=mm&r=g","caption":"Gua\u00edra Neg\u00f3cios Imobili\u00e1rios"},"sameAs":["growww"],"url":"https:\/\/guairaimoveis.com.br\/blog\/author\/blogguairaimoveis\/"}]}},"_links":{"self":[{"href":"https:\/\/guairaimoveis.com.br\/blog\/wp-json\/wp\/v2\/posts\/6154"}],"collection":[{"href":"https:\/\/guairaimoveis.com.br\/blog\/wp-json\/wp\/v2\/posts"}],"about":[{"href":"https:\/\/guairaimoveis.com.br\/blog\/wp-json\/wp\/v2\/types\/post"}],"author":[{"embeddable":true,"href":"https:\/\/guairaimoveis.com.br\/blog\/wp-json\/wp\/v2\/users\/2"}],"replies":[{"embeddable":true,"href":"https:\/\/guairaimoveis.com.br\/blog\/wp-json\/wp\/v2\/comments?post=6154"}],"version-history":[{"count":2,"href":"https:\/\/guairaimoveis.com.br\/blog\/wp-json\/wp\/v2\/posts\/6154\/revisions"}],"predecessor-version":[{"id":6157,"href":"https:\/\/guairaimoveis.com.br\/blog\/wp-json\/wp\/v2\/posts\/6154\/revisions\/6157"}],"wp:featuredmedia":[{"embeddable":true,"href":"https:\/\/guairaimoveis.com.br\/blog\/wp-json\/wp\/v2\/media\/6155"}],"wp:attachment":[{"href":"https:\/\/guairaimoveis.com.br\/blog\/wp-json\/wp\/v2\/media?parent=6154"}],"wp:term":[{"taxonomy":"category","embeddable":true,"href":"https:\/\/guairaimoveis.com.br\/blog\/wp-json\/wp\/v2\/categories?post=6154"},{"taxonomy":"post_tag","embeddable":true,"href":"https:\/\/guairaimoveis.com.br\/blog\/wp-json\/wp\/v2\/tags?post=6154"}],"curies":[{"name":"wp","href":"https:\/\/api.w.org\/{rel}","templated":true}]}}