
{"id":6159,"date":"2026-03-10T13:08:50","date_gmt":"2026-03-10T16:08:50","guid":{"rendered":"https:\/\/guairaimoveis.com.br\/blog\/?p=6159"},"modified":"2026-03-10T13:08:50","modified_gmt":"2026-03-10T16:08:50","slug":"ceramica-bairro-sao-caetano-do-sul","status":"publish","type":"post","link":"https:\/\/guairaimoveis.com.br\/blog\/ceramica-bairro-sao-caetano-do-sul\/","title":{"rendered":"Cer\u00e2mica, S\u00e3o Caetano do Sul: o que voc\u00ea encontra aqui?"},"content":{"rendered":"\n<p class=\"has-medium-font-size\">O bairro Cer\u00e2mica, em <a href=\"https:\/\/guairaimoveis.com.br\/blog\/morar-em-sao-caetano-do-sul\/\" target=\"_blank\" rel=\"noreferrer noopener\">S\u00e3o Caetano do Sul<\/a>, \u00e9 um dos endere\u00e7os mais valorizados da cidade. Conhecido pelo equil\u00edbrio entre tranquilidade residencial, infraestrutura completa e novos empreendimentos modernos, o bairro se tornou uma escolha frequente para fam\u00edlias que buscam qualidade de vida no ABC Paulista.<\/p>\n\n\n\n<p class=\"has-medium-font-size\">Com ruas organizadas, proximidade com parques, shopping, hospitais e escolas, o Cer\u00e2mica em S\u00e3o Caetano do Sul re\u00fane tudo o que muitos compradores e locat\u00e1rios procuram ao escolher um lugar para morar.<\/p>\n\n\n\n<p class=\"has-medium-font-size\">Neste guia, voc\u00ea vai entender como \u00e9 viver no bairro Cer\u00e2mica, onde ele fica e por que a regi\u00e3o tem atra\u00eddo cada vez mais fam\u00edlias e investidores.<\/p>\n\n\n\n<h2 class=\"wp-block-heading\"><strong>De onde surgiu o nome Cer\u00e2mica?<\/strong><\/h2>\n\n\n\n<p class=\"has-medium-font-size\">O nome Cer\u00e2mica tem origem em uma antiga empresa que marcou o desenvolvimento da regi\u00e3o: a Cer\u00e2mica S\u00e3o Caetano S\/A, ind\u00fastria que teve forte influ\u00eancia de imigrantes e ajudou a impulsionar o crescimento urbano da \u00e1rea.<\/p>\n\n\n\n<p class=\"has-medium-font-size\">Ao longo das d\u00e9cadas, a regi\u00e3o passou por um processo de transforma\u00e7\u00e3o. O que antes era predominantemente industrial come\u00e7ou a receber projetos urban\u00edsticos planejados e novos empreendimentos residenciais.<\/p>\n\n\n\n<p class=\"has-medium-font-size\">Hoje, o bairro Cer\u00e2mica em S\u00e3o Caetano do Sul \u00e9 reconhecido por sua infraestrutura moderna, condom\u00ednios de alto padr\u00e3o e \u00e1reas de lazer, tornando-se um dos bairros mais desejados da cidade.<\/p>\n\n\n\n<h2 class=\"wp-block-heading\"><strong>Onde fica o bairro Cer\u00e2mica em S\u00e3o Caetano do Sul<\/strong><\/h2>\n\n\n\n<p class=\"has-medium-font-size\">O Cer\u00e2mica em S\u00e3o Caetano est\u00e1 localizado em uma posi\u00e7\u00e3o estrat\u00e9gica dentro do munic\u00edpio, e faz divisa com regi\u00f5es tradicionais da cidade, como: Santo Ant\u00f4nio, Oswaldo Cruz e Santa Paula<\/p>\n\n\n\n<p class=\"has-medium-font-size\">Essa localiza\u00e7\u00e3o facilita o acesso a diferentes regi\u00f5es da cidade e tamb\u00e9m a outros munic\u00edpios do ABC e da Grande S\u00e3o Paulo.<\/p>\n\n\n\n<p class=\"has-medium-font-size\">Entre as principais vias que conectam o bairro est\u00e3o:<\/p>\n\n\n\n<ul>\n<li>&nbsp;Avenida Guido Aliberti<\/li>\n\n\n\n<li class=\"has-medium-font-size\">&nbsp;Avenida Engenheiro Armando de Arruda Pereira<\/li>\n\n\n\n<li class=\"has-medium-font-size\">&nbsp;Avenida Fernando Simonsen<\/li>\n\n\n\n<li class=\"has-medium-font-size\">&nbsp;Avenida Senador Roberto Simonsen<\/li>\n<\/ul>\n\n\n\n<p class=\"has-medium-font-size\">Essas avenidas permitem deslocamento r\u00e1pido para \u00e1reas centrais da cidade e tamb\u00e9m para vias importantes da regi\u00e3o metropolitana.<\/p>\n\n\n\n<p class=\"has-medium-font-size\">Se voc\u00ea quer entender melhor o perfil das regi\u00f5es da cidade, vale conferir tamb\u00e9m este conte\u00fado sobre <a href=\"https:\/\/guairaimoveis.com.br\/blog\/melhores-bairros-de-sao-caetano-do-sul\/\"><strong>os melhores bairros de S\u00e3o Caetano do Sul<\/strong><\/a><strong>.<\/strong><\/p>\n\n\n\n<h2 class=\"wp-block-heading\"><strong>Como \u00e9 morar no bairro Cer\u00e2mica em S\u00e3o Caetano do Sul<\/strong><\/h2>\n\n\n\n<p class=\"has-medium-font-size\">Morar no bairro Cer\u00e2mica em S\u00e3o Caetano do Sul significa viver em uma regi\u00e3o que combina tr\u00eas caracter\u00edsticas importantes:<\/p>\n\n\n\n<ol>\n<li class=\"has-medium-font-size\">&nbsp;Tranquilidade residencial<\/li>\n\n\n\n<li class=\"has-medium-font-size\">&nbsp;Infraestrutura completa<\/li>\n\n\n\n<li class=\"has-medium-font-size\">&nbsp;Boa valoriza\u00e7\u00e3o imobili\u00e1ria<\/li>\n<\/ol>\n\n\n\n<p class=\"has-medium-font-size\">As ruas costumam ser bem cuidadas, arborizadas e com boa organiza\u00e7\u00e3o urbana. Em v\u00e1rias \u00e1reas do bairro tamb\u00e9m h\u00e1 pra\u00e7as e espa\u00e7os verdes, o que contribui para um ambiente agrad\u00e1vel para fam\u00edlias.<\/p>\n\n\n\n<p class=\"has-medium-font-size\">Algumas das vias mais conhecidas do bairro incluem:<\/p>\n\n\n\n<ul>\n<li class=\"has-medium-font-size\">Rua Amazonas<\/li>\n\n\n\n<li class=\"has-medium-font-size\">Rua Ant\u00f4nio de Andrade<\/li>\n\n\n\n<li class=\"has-medium-font-size\">Rua Maria Teixeira<\/li>\n\n\n\n<li class=\"has-medium-font-size\">Alameda Porcelana<\/li>\n\n\n\n<li class=\"has-medium-font-size\">Alameda Terracota<\/li>\n\n\n\n<li class=\"has-medium-font-size\">Alameda Faian\u00e7a<\/li>\n\n\n\n<li class=\"has-medium-font-size\">Rua Walter Figueira<\/li>\n<\/ul>\n\n\n\n<p class=\"has-medium-font-size\">Outro destaque \u00e9 a ciclovia presente em algumas vias da regi\u00e3o, incentivando deslocamentos de bicicleta e atividades ao ar livre.<\/p>\n\n\n\n<h2 class=\"wp-block-heading\"><strong>Seguran\u00e7a no bairro Cer\u00e2mica<\/strong><\/h2>\n\n\n\n<p class=\"has-medium-font-size\">A infraestrutura atraia e a seguran\u00e7a faz ficar. A regi\u00e3o possui algumas estruturas importantes para levar mais sensa\u00e7\u00e3o de seguran\u00e7a na moradia, como:&nbsp;<\/p>\n\n\n\n<p class=\"has-medium-font-size\">Presen\u00e7a do Tiro de Guerra 02-069 na Avenida Guido Aliberti, e a Base Comunit\u00e1ria de Seguran\u00e7a da Guarda Civil Municipal, localizada na Avenida Fernando Simonsen.&nbsp;<\/p>\n\n\n\n<p class=\"has-medium-font-size\">No mesmo local funciona tamb\u00e9m a <a href=\"https:\/\/www.redenn.com.br\/noticia\/prefeitura-de-sao-caetano-inaugura-casa-da-patrulha-maria-da-penha-e-amplia-rede-de-protecao-as-mulheres\" target=\"_blank\" rel=\"noreferrer noopener\">Casa Patrulha Maria da Penha, inaugurada em mar\u00e7o de 2026,<\/a> iniciativa voltada ao atendimento e prote\u00e7\u00e3o de mulheres v\u00edtimas de viol\u00eancia.<\/p>\n\n\n\n<p class=\"has-medium-font-size\">Essas estruturas contribuem para tornar o bairro menos visado para ocorr\u00eancias e mais monitorado, algo valorizado por quem busca seguran\u00e7a para a fam\u00edlia.<\/p>\n\n\n\n<h2 class=\"wp-block-heading\"><strong>Lazer e \u00e1reas verdes no Cer\u00e2mica<\/strong><\/h2>\n\n\n\n<p class=\"has-medium-font-size\">Quem mora no Cer\u00e2mica em S\u00e3o Caetano encontra diversas op\u00e7\u00f5es de lazer pr\u00f3ximas, o que \u00e9 um diferencial importante para a rotina das fam\u00edlias.<\/p>\n\n\n\n<p class=\"has-medium-font-size\">Entre os principais espa\u00e7os est\u00e3o:<\/p>\n\n\n\n<h3 class=\"wp-block-heading\"><strong>Parque Tom Jobim \u2013 Espa\u00e7o Cer\u00e2mica<\/strong><\/h3>\n\n\n\n<p class=\"has-medium-font-size\">Um dos pontos mais conhecidos do bairro, o parque faz parte do complexo Espa\u00e7o Cer\u00e2mica, \u00e1rea que re\u00fane empreendimentos residenciais, escrit\u00f3rios e op\u00e7\u00f5es de lazer.<\/p>\n\n\n\n<p class=\"has-medium-font-size\">O local conta com \u00e1reas verdes, espa\u00e7o para caminhada e \u00e1reas de conviv\u00eancia.<\/p>\n\n\n\n<h3 class=\"wp-block-heading\"><strong>Espa\u00e7o Verde Chico Mendes<\/strong><\/h3>\n\n\n\n<p class=\"has-medium-font-size\">Localizado muito pr\u00f3ximo ao bairro, o Parque Espa\u00e7o Verde Chico Mendes \u00e9 um dos maiores da cidade e oferece:<\/p>\n\n\n\n<ul>\n<li class=\"has-medium-font-size\">Trilhas e \u00e1reas de caminhada<\/li>\n\n\n\n<li class=\"has-medium-font-size\">Espa\u00e7os para atividades f\u00edsicas<\/li>\n\n\n\n<li class=\"has-medium-font-size\">\u00c1reas para fam\u00edlias e crian\u00e7as<\/li>\n<\/ul>\n\n\n\n<h3 class=\"wp-block-heading\"><strong>Parque Elis Regina<\/strong><\/h3>\n\n\n\n<p class=\"has-medium-font-size\">Inaugurado em 2024, o Parque Elis Regina ocupa a \u00e1rea do antigo clube Tamoyo e ampliou ainda mais as op\u00e7\u00f5es de lazer da regi\u00e3o.<\/p>\n\n\n\n<h3 class=\"wp-block-heading\"><strong>ParkShopping S\u00e3o Caetano<\/strong><\/h3>\n\n\n\n<p class=\"has-medium-font-size\">Outro grande destaque da regi\u00e3o \u00e9 o ParkShopping S\u00e3o Caetano, localizado na Alameda Terracota. O shopping oferece:<\/p>\n\n\n\n<ul>\n<li class=\"has-medium-font-size\">Restaurantes e caf\u00e9s<\/li>\n\n\n\n<li class=\"has-medium-font-size\">Lojas variadas<\/li>\n\n\n\n<li class=\"has-medium-font-size\">Cinema<\/li>\n\n\n\n<li class=\"has-medium-font-size\">Muitos servi\u00e7os<\/li>\n<\/ul>\n\n\n\n<p class=\"has-medium-font-size\">Al\u00e9m disso, o espa\u00e7o ajuda a movimentar o perfil corporativo e comercial do bairro, aumentando a valoriza\u00e7\u00e3o da regi\u00e3o.<\/p>\n\n\n\n<h3 class=\"wp-block-heading\"><strong>Espa\u00e7o do Forno<\/strong><\/h3>\n\n\n\n<p class=\"has-medium-font-size\">Na Pra\u00e7a do Forno fica o Espa\u00e7o do Forno \u2013 Centro de Exposi\u00e7\u00f5es, dedicado a exposi\u00e7\u00f5es fotogr\u00e1ficas e eventos culturais ligados \u00e0 hist\u00f3ria da cidade.<\/p>\n\n\n\n<h2 class=\"wp-block-heading\"><strong>Educa\u00e7\u00e3o no bairro Cer\u00e2mica: excelentes op\u00e7\u00f5es para os filhos<\/strong><\/h2>\n\n\n\n<p class=\"has-medium-font-size\">Para fam\u00edlias com filhos, a oferta de escolas tamb\u00e9m \u00e9 um ponto importante. No bairro Cer\u00e2mica em S\u00e3o Caetano do Sul e em regi\u00f5es pr\u00f3ximas \u00e9 poss\u00edvel encontrar institui\u00e7\u00f5es p\u00fablicas e privadas, como:<\/p>\n\n\n\n<p class=\"has-medium-font-size\"><strong>Escolas p\u00fablicas<\/strong><\/p>\n\n\n\n<ul>\n<li class=\"has-medium-font-size\">EMI Maria Simonetti Thom\u00e9<\/li>\n\n\n\n<li class=\"has-medium-font-size\">EMI Candinha Massei Fedato<\/li>\n\n\n\n<li class=\"has-medium-font-size\">EMEI Orlando Moretto<\/li>\n\n\n\n<li class=\"has-medium-font-size\">Segunda Escola Municipal de Ensino Fundamental<\/li>\n<\/ul>\n\n\n\n<p class=\"has-medium-font-size\"><strong>Escolas particulares<\/strong><\/p>\n\n\n\n<ul>\n<li class=\"has-medium-font-size\">Col\u00e9gio Florescer<\/li>\n\n\n\n<li class=\"has-medium-font-size\">Col\u00e9gio Objetivo S\u00e3o Caetano do Sul<\/li>\n<\/ul>\n\n\n\n<p class=\"has-medium-font-size\">Al\u00e9m disso, no bairro vizinho Santo Ant\u00f4nio fica a Universidade Municipal de S\u00e3o Caetano do Sul (USCS), ampliando as op\u00e7\u00f5es de ensino superior pr\u00f3ximas.<\/p>\n\n\n\n<h2 class=\"wp-block-heading\"><strong>Sa\u00fade e servi\u00e7os na regi\u00e3o<\/strong><\/h2>\n\n\n\n<p class=\"has-medium-font-size\">Outro ponto que fortalece o bairro Cer\u00e2mica em S\u00e3o Caetano \u00e9 a presen\u00e7a de hospitais e servi\u00e7os m\u00e9dicos pr\u00f3ximos.<\/p>\n\n\n\n<p class=\"has-medium-font-size\">O destaque fica para o Hospital e Maternidade S\u00e3o Luiz S\u00e3o Caetano, na Rua Walter Figueira. Pr\u00f3ximo, tamb\u00e9m h\u00e1 op\u00e7\u00e3o de outra unidade particular que \u00e9 o Hospital Benefic\u00eancia Portuguesa, no bairro Santa Paula.<\/p>\n\n\n\n<p class=\"has-medium-font-size\">J\u00e1 na Rua S\u00e3o Paulo, 1840 \u2013 no bairro Santa Paula, vizinho do Cer\u00e2mica \u2013 temos o Hospital Maria Braido (p\u00fablico), com atendimento 24h, com cl\u00ednicas, centro cir\u00fargico e UTIs.&nbsp;<\/p>\n\n\n\n<h2 class=\"wp-block-heading\"><strong>Mobilidade e acesso a outras regi\u00f5es<\/strong><\/h2>\n\n\n\n<p class=\"has-medium-font-size\">O bairro oferece acesso facilitado para diferentes pontos da cidade e da regi\u00e3o metropolitana. Entre os destaques est\u00e3o:<\/p>\n\n\n\n<ul>\n<li class=\"has-medium-font-size\">Conex\u00e3o r\u00e1pida com o centro de S\u00e3o Caetano<\/li>\n\n\n\n<li class=\"has-medium-font-size\">Acesso f\u00e1cil a cidades vizinhas do ABC e a capital paulista<\/li>\n\n\n\n<li class=\"has-medium-font-size\">Proximidade com importantes vias da regi\u00e3o<\/li>\n<\/ul>\n\n\n\n<h2 class=\"wp-block-heading\"><strong>Mercado imobili\u00e1rio no bairro Cer\u00e2mica<\/strong><\/h2>\n\n\n\n<p class=\"has-medium-font-size\">O mercado imobili\u00e1rio do bairro Cer\u00e2mica tem caracter\u00edsticas bem definidas. A regi\u00e3o se destaca principalmente por:<\/p>\n\n\n\n<ul>\n<li class=\"has-medium-font-size\">Casas amplas e com mais de 2 c\u00f4modos<\/li>\n\n\n\n<li class=\"has-medium-font-size\"><a href=\"https:\/\/guairaimoveis.com.br\/blog\/condominio-clube-lazer\/\">Condom\u00ednios-clube<\/a> de alto padr\u00e3o<\/li>\n\n\n\n<li class=\"has-medium-font-size\">Apartamentos com plantas amplas<\/li>\n<\/ul>\n\n\n\n<p class=\"has-medium-font-size\">Esse perfil atrai especialmente fam\u00edlias que buscam conforto, seguran\u00e7a e qualidade de vida, al\u00e9m de investidores interessados na valoriza\u00e7\u00e3o da regi\u00e3o.<\/p>\n\n\n\n<p class=\"has-medium-font-size\">O crescimento do perfil corporativo do bairro, impulsionado por empreendimentos comerciais pr\u00f3ximos ao shopping, tamb\u00e9m ajuda a manter a demanda imobili\u00e1ria aquecida.<\/p>\n\n\n\n<h2 class=\"wp-block-heading\"><strong>Vale a pena morar no bairro Cer\u00e2mica em S\u00e3o Caetano do Sul?<\/strong><\/h2>\n\n\n\n<p class=\"has-medium-font-size\">Para muitas fam\u00edlias, a resposta \u00e9 sim. O bairro Cer\u00e2mica em S\u00e3o Caetano do Sul re\u00fane uma combina\u00e7\u00e3o dif\u00edcil de encontrar:<\/p>\n\n\n\n<ul>\n<li>\u2705Regi\u00e3o tranquila e residencial<\/li>\n\n\n\n<li class=\"has-medium-font-size\">\u2705Parques e \u00e1reas verdes<\/li>\n\n\n\n<li class=\"has-medium-font-size\">\u2705Shopping e infraestrutura urbana<\/li>\n\n\n\n<li class=\"has-medium-font-size\">\u2705Escolas e hospitais pr\u00f3ximos<\/li>\n\n\n\n<li class=\"has-medium-font-size\">\u2705Condom\u00ednios modernos e valorizados<\/li>\n<\/ul>\n\n\n\n<p>Esse conjunto faz com que o bairro esteja entre os mais procurados da cidade por quem deseja comprar ou alugar um im\u00f3vel com qualidade de vida no ABC Paulista.<\/p>\n\n\n\n<p class=\"has-medium-font-size\">Gostou do Cer\u00e2mica e quer encontrar o futuro lar da sua fam\u00edlia aqui? <a href=\"https:\/\/guairaimoveis.com.br\/imoveis?codigo=&amp;finalidade=Venda&amp;cidade=S%C3%A3o+Caetano+do+Sul&amp;bairros%5B%5D=Cer%C3%A2mica&amp;valormin=&amp;valormax=&amp;numeroquartos=&amp;numerosuites=&amp;numerovagas=&amp;areamin=&amp;areamax=\" target=\"_blank\" rel=\"noreferrer noopener\"><strong>Confira nossas op\u00e7\u00f5es dispon\u00edveis na regi\u00e3o, com a imobili\u00e1ria que \u00e9 l\u00edder do ABC!\u00a0<\/strong><\/a><\/p>\n","protected":false},"excerpt":{"rendered":"<p> Cer\u00e2mica, S\u00e3o Caetano do Sul: conhe\u00e7a o bairro, infraestrutura, lazer, seguran\u00e7a e por que ele \u00e9 uma das regi\u00f5es mais valorizadas para morar.<\/p>\n","protected":false},"author":2,"featured_media":6160,"comment_status":"open","ping_status":"open","sticky":false,"template":"","format":"standard","meta":{"footnotes":""},"categories":[3],"tags":[631,458],"yoast_head":"<!-- This site is optimized with the Yoast SEO plugin v21.6 - https:\/\/yoast.com\/wordpress\/plugins\/seo\/ -->\n<title>Cer\u00e2mica, S\u00e3o Caetano do Sul: guia completo do bairro<\/title>\n<meta name=\"description\" content=\"Cer\u00e2mica, S\u00e3o Caetano do Sul: conhe\u00e7a o bairro, infraestrutura, lazer, seguran\u00e7a e por que ele \u00e9 uma das regi\u00f5es mais valorizadas para morar.\" \/>\n<meta name=\"robots\" content=\"index, follow, max-snippet:-1, max-image-preview:large, max-video-preview:-1\" \/>\n<link rel=\"canonical\" href=\"https:\/\/guairaimoveis.com.br\/blog\/ceramica-bairro-sao-caetano-do-sul\/\" \/>\n<meta property=\"og:locale\" content=\"pt_BR\" \/>\n<meta property=\"og:type\" content=\"article\" \/>\n<meta property=\"og:title\" content=\"Cer\u00e2mica, S\u00e3o Caetano do Sul: guia completo do bairro\" \/>\n<meta property=\"og:description\" content=\"Cer\u00e2mica, S\u00e3o Caetano do Sul: conhe\u00e7a o bairro, infraestrutura, lazer, seguran\u00e7a e por que ele \u00e9 uma das regi\u00f5es mais valorizadas para morar.\" \/>\n<meta property=\"og:url\" content=\"https:\/\/guairaimoveis.com.br\/blog\/ceramica-bairro-sao-caetano-do-sul\/\" \/>\n<meta property=\"og:site_name\" content=\"Blog da Gua\u00edra\" \/>\n<meta property=\"article:published_time\" content=\"2026-03-10T16:08:50+00:00\" \/>\n<meta property=\"og:image\" content=\"https:\/\/guairaimoveis.com.br\/blog\/wp-content\/uploads\/2026\/03\/WhatsApp-Image-2026-03-10-at-13.08.15.jpeg\" \/>\n\t<meta property=\"og:image:width\" content=\"1600\" \/>\n\t<meta property=\"og:image:height\" content=\"1066\" \/>\n\t<meta property=\"og:image:type\" content=\"image\/jpeg\" \/>\n<meta name=\"author\" content=\"Gua\u00edra Neg\u00f3cios Imobili\u00e1rios\" \/>\n<meta name=\"twitter:card\" content=\"summary_large_image\" \/>\n<meta name=\"twitter:label1\" content=\"Escrito por\" \/>\n\t<meta name=\"twitter:data1\" content=\"Gua\u00edra Neg\u00f3cios Imobili\u00e1rios\" \/>\n\t<meta name=\"twitter:label2\" content=\"Est. tempo de leitura\" \/>\n\t<meta name=\"twitter:data2\" content=\"7 minutos\" \/>\n<!-- \/ Yoast SEO plugin. -->","yoast_head_json":{"title":"Cer\u00e2mica, S\u00e3o Caetano do Sul: guia completo do bairro","description":"Cer\u00e2mica, S\u00e3o Caetano do Sul: conhe\u00e7a o bairro, infraestrutura, lazer, seguran\u00e7a e por que ele \u00e9 uma das regi\u00f5es mais valorizadas para morar.","robots":{"index":"index","follow":"follow","max-snippet":"max-snippet:-1","max-image-preview":"max-image-preview:large","max-video-preview":"max-video-preview:-1"},"canonical":"https:\/\/guairaimoveis.com.br\/blog\/ceramica-bairro-sao-caetano-do-sul\/","og_locale":"pt_BR","og_type":"article","og_title":"Cer\u00e2mica, S\u00e3o Caetano do Sul: guia completo do bairro","og_description":"Cer\u00e2mica, S\u00e3o Caetano do Sul: conhe\u00e7a o bairro, infraestrutura, lazer, seguran\u00e7a e por que ele \u00e9 uma das regi\u00f5es mais valorizadas para morar.","og_url":"https:\/\/guairaimoveis.com.br\/blog\/ceramica-bairro-sao-caetano-do-sul\/","og_site_name":"Blog da Gua\u00edra","article_published_time":"2026-03-10T16:08:50+00:00","og_image":[{"width":1600,"height":1066,"url":"https:\/\/guairaimoveis.com.br\/blog\/wp-content\/uploads\/2026\/03\/WhatsApp-Image-2026-03-10-at-13.08.15.jpeg","type":"image\/jpeg"}],"author":"Gua\u00edra Neg\u00f3cios Imobili\u00e1rios","twitter_card":"summary_large_image","twitter_misc":{"Escrito por":"Gua\u00edra Neg\u00f3cios Imobili\u00e1rios","Est. tempo de leitura":"7 minutos"},"schema":{"@context":"https:\/\/schema.org","@graph":[{"@type":"Article","@id":"https:\/\/guairaimoveis.com.br\/blog\/ceramica-bairro-sao-caetano-do-sul\/#article","isPartOf":{"@id":"https:\/\/guairaimoveis.com.br\/blog\/ceramica-bairro-sao-caetano-do-sul\/"},"author":{"name":"Gua\u00edra Neg\u00f3cios Imobili\u00e1rios","@id":"https:\/\/guairaimoveis.com.br\/blog\/#\/schema\/person\/40e0b9c04f378050e2a50c39a880ca48"},"headline":"Cer\u00e2mica, S\u00e3o Caetano do Sul: o que voc\u00ea encontra aqui?","datePublished":"2026-03-10T16:08:50+00:00","dateModified":"2026-03-10T16:08:50+00:00","mainEntityOfPage":{"@id":"https:\/\/guairaimoveis.com.br\/blog\/ceramica-bairro-sao-caetano-do-sul\/"},"wordCount":1405,"commentCount":0,"publisher":{"@id":"https:\/\/guairaimoveis.com.br\/blog\/#organization"},"keywords":["cer\u00e2mica","s\u00e3o caetano do sul"],"articleSection":["Dicas"],"inLanguage":"pt-BR","potentialAction":[{"@type":"CommentAction","name":"Comment","target":["https:\/\/guairaimoveis.com.br\/blog\/ceramica-bairro-sao-caetano-do-sul\/#respond"]}]},{"@type":"WebPage","@id":"https:\/\/guairaimoveis.com.br\/blog\/ceramica-bairro-sao-caetano-do-sul\/","url":"https:\/\/guairaimoveis.com.br\/blog\/ceramica-bairro-sao-caetano-do-sul\/","name":"Cer\u00e2mica, S\u00e3o Caetano do Sul: guia completo do bairro","isPartOf":{"@id":"https:\/\/guairaimoveis.com.br\/blog\/#website"},"datePublished":"2026-03-10T16:08:50+00:00","dateModified":"2026-03-10T16:08:50+00:00","description":"Cer\u00e2mica, S\u00e3o Caetano do Sul: conhe\u00e7a o bairro, infraestrutura, lazer, seguran\u00e7a e por que ele \u00e9 uma das regi\u00f5es mais valorizadas para morar.","breadcrumb":{"@id":"https:\/\/guairaimoveis.com.br\/blog\/ceramica-bairro-sao-caetano-do-sul\/#breadcrumb"},"inLanguage":"pt-BR","potentialAction":[{"@type":"ReadAction","target":["https:\/\/guairaimoveis.com.br\/blog\/ceramica-bairro-sao-caetano-do-sul\/"]}]},{"@type":"BreadcrumbList","@id":"https:\/\/guairaimoveis.com.br\/blog\/ceramica-bairro-sao-caetano-do-sul\/#breadcrumb","itemListElement":[{"@type":"ListItem","position":1,"name":"In\u00edcio","item":"https:\/\/guairaimoveis.com.br\/blog\/"},{"@type":"ListItem","position":2,"name":"Cer\u00e2mica, S\u00e3o Caetano do Sul: o que voc\u00ea encontra aqui?"}]},{"@type":"WebSite","@id":"https:\/\/guairaimoveis.com.br\/blog\/#website","url":"https:\/\/guairaimoveis.com.br\/blog\/","name":"Blog da Gua\u00edra","description":"Aqui voc\u00ea vai encontrar conte\u00fados incr\u00edveis sobre o mercado imobili\u00e1rio e tirar todas as d\u00favidas que voc\u00ea tem na hora de comprar, alugar ou negociar um im\u00f3vel.","publisher":{"@id":"https:\/\/guairaimoveis.com.br\/blog\/#organization"},"alternateName":"Gua\u00edra","potentialAction":[{"@type":"SearchAction","target":{"@type":"EntryPoint","urlTemplate":"https:\/\/guairaimoveis.com.br\/blog\/?s={search_term_string}"},"query-input":"required name=search_term_string"}],"inLanguage":"pt-BR"},{"@type":"Organization","@id":"https:\/\/guairaimoveis.com.br\/blog\/#organization","name":"Blog da Gua\u00edra","url":"https:\/\/guairaimoveis.com.br\/blog\/","logo":{"@type":"ImageObject","inLanguage":"pt-BR","@id":"https:\/\/guairaimoveis.com.br\/blog\/#\/schema\/logo\/image\/","url":"https:\/\/guairaimoveis.com.br\/blog\/wp-content\/uploads\/2022\/04\/logo-200x55-1.png","contentUrl":"https:\/\/guairaimoveis.com.br\/blog\/wp-content\/uploads\/2022\/04\/logo-200x55-1.png","width":200,"height":55,"caption":"Blog da Gua\u00edra"},"image":{"@id":"https:\/\/guairaimoveis.com.br\/blog\/#\/schema\/logo\/image\/"}},{"@type":"Person","@id":"https:\/\/guairaimoveis.com.br\/blog\/#\/schema\/person\/40e0b9c04f378050e2a50c39a880ca48","name":"Gua\u00edra Neg\u00f3cios Imobili\u00e1rios","image":{"@type":"ImageObject","inLanguage":"pt-BR","@id":"https:\/\/guairaimoveis.com.br\/blog\/#\/schema\/person\/image\/","url":"https:\/\/secure.gravatar.com\/avatar\/4f6f5c8fa05083d65db1b175f0c4b8b0?s=96&d=mm&r=g","contentUrl":"https:\/\/secure.gravatar.com\/avatar\/4f6f5c8fa05083d65db1b175f0c4b8b0?s=96&d=mm&r=g","caption":"Gua\u00edra Neg\u00f3cios Imobili\u00e1rios"},"sameAs":["growww"],"url":"https:\/\/guairaimoveis.com.br\/blog\/author\/blogguairaimoveis\/"}]}},"_links":{"self":[{"href":"https:\/\/guairaimoveis.com.br\/blog\/wp-json\/wp\/v2\/posts\/6159"}],"collection":[{"href":"https:\/\/guairaimoveis.com.br\/blog\/wp-json\/wp\/v2\/posts"}],"about":[{"href":"https:\/\/guairaimoveis.com.br\/blog\/wp-json\/wp\/v2\/types\/post"}],"author":[{"embeddable":true,"href":"https:\/\/guairaimoveis.com.br\/blog\/wp-json\/wp\/v2\/users\/2"}],"replies":[{"embeddable":true,"href":"https:\/\/guairaimoveis.com.br\/blog\/wp-json\/wp\/v2\/comments?post=6159"}],"version-history":[{"count":1,"href":"https:\/\/guairaimoveis.com.br\/blog\/wp-json\/wp\/v2\/posts\/6159\/revisions"}],"predecessor-version":[{"id":6161,"href":"https:\/\/guairaimoveis.com.br\/blog\/wp-json\/wp\/v2\/posts\/6159\/revisions\/6161"}],"wp:featuredmedia":[{"embeddable":true,"href":"https:\/\/guairaimoveis.com.br\/blog\/wp-json\/wp\/v2\/media\/6160"}],"wp:attachment":[{"href":"https:\/\/guairaimoveis.com.br\/blog\/wp-json\/wp\/v2\/media?parent=6159"}],"wp:term":[{"taxonomy":"category","embeddable":true,"href":"https:\/\/guairaimoveis.com.br\/blog\/wp-json\/wp\/v2\/categories?post=6159"},{"taxonomy":"post_tag","embeddable":true,"href":"https:\/\/guairaimoveis.com.br\/blog\/wp-json\/wp\/v2\/tags?post=6159"}],"curies":[{"name":"wp","href":"https:\/\/api.w.org\/{rel}","templated":true}]}}