
{"id":6183,"date":"2026-04-27T08:15:20","date_gmt":"2026-04-27T11:15:20","guid":{"rendered":"https:\/\/guairaimoveis.com.br\/blog\/?p=6183"},"modified":"2026-04-27T08:15:21","modified_gmt":"2026-04-27T11:15:21","slug":"saude-bairro-zona-sul-guia","status":"publish","type":"post","link":"https:\/\/guairaimoveis.com.br\/blog\/saude-bairro-zona-sul-guia\/","title":{"rendered":"Sa\u00fade, SP: como \u00e9 morar no bairro da Sa\u00fade na zona sul"},"content":{"rendered":"\n<p class=\"has-medium-font-size\">A regi\u00e3o da Sa\u00fade, na zona sul de S\u00e3o Paulo, costuma aparecer entre as melhores escolhas para quem busca equil\u00edbrio entre mobilidade, infraestrutura e um ambiente mais tranquilo para viver.<\/p>\n\n\n\n<p class=\"has-medium-font-size\">Localizado em uma \u00e1rea estrat\u00e9gica da cidade, <strong>o distrito da Sa\u00fade<\/strong> re\u00fane bairros como Vila da Sa\u00fade, Bosque da Sa\u00fade e Jardim da Sa\u00fade, todos com caracter\u00edsticas residenciais bem definidas.<\/p>\n\n\n\n<p class=\"has-medium-font-size\">Neste guia, voc\u00ea vai entender onde fica o bairro da Sa\u00fade, como \u00e9 a rotina na regi\u00e3o, o que existe por perto e por que tantas fam\u00edlias consideram o local uma boa op\u00e7\u00e3o para morar.<\/p>\n\n\n\n<h2 class=\"wp-block-heading\"><strong>Onde fica o bairro da Sa\u00fade e como \u00e9 a regi\u00e3o?<\/strong><\/h2>\n\n\n\n<p class=\"has-medium-font-size\">O bairro da Sa\u00fade est\u00e1 localizado na zona centro-sul de S\u00e3o Paulo, com f\u00e1cil acesso a regi\u00f5es importantes da cidade. Ele faz divisa com bairros conhecidos como<a href=\"https:\/\/guairaimoveis.com.br\/blog\/morar-na-vila-mariana-motivos\/\" target=\"_blank\" rel=\"noreferrer noopener\"> <strong>Vila Mariana<\/strong>,<\/a> <strong>Jabaquara<\/strong>, Cursino, Ipiranga e <a href=\"https:\/\/guairaimoveis.com.br\/blog\/campo-belo-zona-sul-de-sp-como-e-morar\" target=\"_blank\" rel=\"noreferrer noopener\"><strong>Camp<\/strong><\/a><strong><a href=\"https:\/\/guairaimoveis.com.br\/blog\/campo-belo-zona-sul-de-sp-como-e-morar\" target=\"_blank\" rel=\"noreferrer noopener\">o<\/a><\/strong><a href=\"https:\/\/guairaimoveis.com.br\/blog\/campo-belo-zona-sul-de-sp-como-e-morar\"><strong> Belo<\/strong><\/a>, o que amplia as possibilidades de deslocamento e acesso a servi\u00e7os.<\/p>\n\n\n\n<p class=\"has-medium-font-size\">Essa localiza\u00e7\u00e3o favorece quem precisa se movimentar com frequ\u00eancia, mas n\u00e3o quer abrir m\u00e3o de um ambiente mais residencial. As ruas costumam ser arborizadas, principalmente em \u00e1reas como o Bosque da Sa\u00fade, o que contribui para uma rotina mais tranquila.<\/p>\n\n\n\n<p class=\"has-medium-font-size\">A proximidade com bairros consolidados tamb\u00e9m influencia diretamente na valoriza\u00e7\u00e3o da regi\u00e3o, j\u00e1 que o entorno oferece op\u00e7\u00f5es complementares de lazer, educa\u00e7\u00e3o e com\u00e9rcio.<\/p>\n\n\n\n<p class=\"has-medium-font-size\">Se voc\u00ea est\u00e1 pesquisando outras regi\u00f5es pr\u00f3ximas, vale conferir este conte\u00fado sobre <a href=\"https:\/\/guairaimoveis.com.br\/blog\/melhores-bairros-da-zona-sul-de-sp\/\" target=\"_blank\" rel=\"noreferrer noopener\"><strong>os melhores bairros da zona sul de SP<\/strong><\/a> para comparar perfis.<\/p>\n\n\n\n<h2 class=\"wp-block-heading\">Mobilidade no bairro da Sa\u00fade<\/h2>\n\n\n\n<p class=\"has-medium-font-size\">A mobilidade \u00e9 um dos pontos fortes da regi\u00e3o da Sa\u00fade SP. O bairro conta com acesso direto a importantes vias da cidade, como:<\/p>\n\n\n\n<ul>\n<li class=\"has-medium-font-size\">&nbsp;Avenida Jabaquara<\/li>\n\n\n\n<li class=\"has-medium-font-size\">&nbsp;Avenida Ricardo Jafet<\/li>\n\n\n\n<li class=\"has-medium-font-size\">&nbsp;Avenida dos Bandeirantes<\/li>\n\n\n\n<li class=\"has-medium-font-size\">&nbsp;Rodovia dos Imigrantes<\/li>\n<\/ul>\n\n\n\n<p class=\"has-medium-font-size\">Essas conex\u00f5es facilitam tanto o deslocamento dentro da cidade quanto o acesso ao litoral.<\/p>\n\n\n\n<p class=\"has-medium-font-size\">Outro destaque \u00e9 a presen\u00e7a da <strong>Linha 1 \u2013 Azul do metr<\/strong>\u00f4, com as esta\u00e7\u00f5es <strong>Sa\u00fade-Ultrafarma <\/strong>e<strong> Pra\u00e7a da \u00c1rvore<\/strong>. Isso permite chegar rapidamente a regi\u00f5es como a paulista, centro e zona norte da capital.<\/p>\n\n\n\n<p class=\"has-medium-font-size\">Al\u00e9m disso, o bairro conta com diversas linhas de \u00f4nibus que complementam o transporte p\u00fablico, atendendo diferentes trajet\u00f3rias do dia a dia.<\/p>\n\n\n\n<p class=\"has-medium-font-size\">A caminhabilidade tamb\u00e9m \u00e9 um fator relevante, principalmente nas \u00e1reas mais estruturadas pr\u00f3ximas ao metr\u00f4, onde \u00e9 poss\u00edvel resolver tarefas cotidianas a p\u00e9.<\/p>\n\n\n\n<h2 class=\"wp-block-heading\"><strong>Vila da Sa\u00fade: com\u00e9rcio, servi\u00e7os e rotina<\/strong><\/h2>\n\n\n\n<p class=\"has-medium-font-size\">A Vila da Sa\u00fade \u00e9 uma das \u00e1reas mais conhecidas dentro do distrito. A regi\u00e3o pr\u00f3xima \u00e0 esta\u00e7\u00e3o Sa\u00fade-Ultrafarma concentra uma grande quantidade de com\u00e9rcios, restaurantes, academias e servi\u00e7os.<\/p>\n\n\n\n<p class=\"has-medium-font-size\">Esse movimento constante ao longo do dia costuma gerar maior sensa\u00e7\u00e3o de seguran\u00e7a, j\u00e1 que h\u00e1 circula\u00e7\u00e3o frequente de pessoas. Entre os destaques da regi\u00e3o est\u00e3o:<\/p>\n\n\n\n<ul>\n<li class=\"has-medium-font-size\">Redes de farm\u00e1cias, mercados e academias<\/li>\n\n\n\n<li class=\"has-medium-font-size\">Restaurantes e bares variados<\/li>\n\n\n\n<li class=\"has-medium-font-size\">Servi\u00e7os essenciais a poucos minutos de dist\u00e2ncia<\/li>\n<\/ul>\n\n\n\n<p class=\"has-medium-font-size\">Essa estrutura facilita a rotina de quem busca praticidade sem precisar se deslocar longas dist\u00e2ncias. Se a ideia for comparar com bairros vizinhos, vale ler tamb\u00e9m sobre <a href=\"https:\/\/guairaimoveis.com.br\/blog\/morar-no-jabaquara-zona-sul-de-sp\/\" target=\"_blank\" rel=\"noreferrer noopener\"><strong>morar no Jabaquara<\/strong><\/a> e entender as diferen\u00e7as de perfil.<\/p>\n\n\n\n<h2 class=\"wp-block-heading\"><strong>Lazer e gastronomia no bairro da Sa\u00fade<\/strong><\/h2>\n\n\n\n<p class=\"has-medium-font-size\">A regi\u00e3o da Sa\u00fade oferece boas op\u00e7\u00f5es de lazer, tanto dentro do pr\u00f3prio bairro quanto no entorno.<\/p>\n\n\n\n<h3 class=\"wp-block-heading\"><strong>Parques e \u00e1reas ao ar livre<\/strong><\/h3>\n\n\n\n<p class=\"has-medium-font-size\">Quem valoriza espa\u00e7os verdes encontra alternativas pr\u00f3ximas:<\/p>\n\n\n\n<ul class=\"has-medium-font-size\">\n<li><strong>Parque Ibirapuera<\/strong><\/li>\n<\/ul>\n\n\n\n<ul class=\"has-medium-font-size\">\n<li><strong>Jardim Bot\u00e2nico de S\u00e3o Paulo<\/strong><\/li>\n<\/ul>\n\n\n\n<ul class=\"has-medium-font-size\">\n<li><strong>Pra\u00e7a Fl\u00e1vio Xavier de Toledo<\/strong><\/li>\n<\/ul>\n\n\n\n<p><\/p>\n\n\n\n<ul class=\"has-medium-font-size\">\n<li class=\"has-medium-font-size\"><strong>Bosque da Sa\u00fade (com espa\u00e7o para crian\u00e7as e pets)<\/strong><\/li>\n<\/ul>\n\n\n\n<ul class=\"has-medium-font-size\">\n<li><strong>Pra\u00e7a Br\u00e1s Gon\u00e7alves<\/strong><\/li>\n<\/ul>\n\n\n\n<p><\/p>\n\n\n\n<p class=\"has-medium-font-size\">Esses locais ajudam a equilibrar a rotina urbana com momentos ao ar livre.<\/p>\n\n\n\n<h3 class=\"wp-block-heading has-medium-font-size\"><strong>Cultura e entretenimento<\/strong><\/h3>\n\n\n\n<p class=\"has-medium-font-size\">Para fazer jus ao nome, a regi\u00e3o conta como op\u00e7\u00e3o cultural e hist\u00f3ria o <strong>Museu de Sa\u00fade P\u00fablica Em\u00edlio Ribas (MUSPER)<\/strong>, um espa\u00e7o \u00e9 poss\u00edvel encontrar objetos pessoais, fotos, depoimentos e v\u00eddeos do m\u00e9dico e sanitarista Em\u00edlio Ribas e do Desinfect\u00f3rio Central, al\u00e9m de imagens e cartazes utilizados no s\u00e9culo XX, na preven\u00e7\u00e3o de doen\u00e7as&nbsp;<\/p>\n\n\n\n<p class=\"has-medium-font-size\">A localiza\u00e7\u00e3o facilita o acesso a op\u00e7\u00f5es culturais no entorno, mesmo fora do bairro, como:<\/p>\n\n\n\n<ul>\n<li class=\"has-medium-font-size\">Museu Lasar Segall \u2192 Vila Mariana<\/li>\n\n\n\n<li class=\"has-medium-font-size\">MAC USP Museu de Arte Contempor\u00e2nea da USP \u2013 Vila Mariana<\/li>\n<\/ul>\n\n\n\n<p class=\"has-medium-font-size\">Al\u00e9m disso, atra\u00e7\u00f5es como o Simba Saf\u00e1ri e clubes da regi\u00e3o ampliam as op\u00e7\u00f5es para fam\u00edlias.<\/p>\n\n\n\n<h3 class=\"wp-block-heading has-medium-font-size\"><strong>Restaurantes e experi\u00eancias gastron\u00f4micas<\/strong><\/h3>\n\n\n\n<p class=\"has-medium-font-size\">A Sa\u00fade tem forte presen\u00e7a de culin\u00e1ria asi\u00e1tica, especialmente japonesa. Alguns nomes conhecidos incluem:<\/p>\n\n\n\n<ul>\n<li class=\"has-medium-font-size\">Nara Lamen<\/li>\n\n\n\n<li class=\"has-medium-font-size\">Yukusue Sushi<\/li>\n\n\n\n<li class=\"has-medium-font-size\">Taiyoo<\/li>\n\n\n\n<li class=\"has-medium-font-size\">Tet&#8217;s Restaurante e Sushi (por quilo)<\/li>\n<\/ul>\n\n\n\n<p class=\"has-medium-font-size\">Para quem gosta de doces, a Tartelier Patisserie se destaca com Mil Folhas, tortas, eclair e bolos. A regi\u00e3o ainda conta com feiras livres tradicionais, como a da Avenida Jos\u00e9 Maria Whitaker, que fazem parte da rotina de muitos moradores.<\/p>\n\n\n\n<h2 class=\"wp-block-heading\"><strong>Sa\u00fade, SP: hospitais, cl\u00ednicas e educa\u00e7\u00e3o<\/strong><\/h2>\n\n\n\n<p class=\"has-medium-font-size\">A infraestrutura de sa\u00fade \u00e9 um dos pontos mais consolidados do bairro. A regi\u00e3o conta com hospitais e centros m\u00e9dicos reconhecidos, como:<\/p>\n\n\n\n<ul>\n<li class=\"has-medium-font-size\">Hospital Sancta Maggiore Paris<\/li>\n\n\n\n<li class=\"has-medium-font-size\">Hospital Bosque da Sa\u00fade<\/li>\n\n\n\n<li class=\"has-medium-font-size\">Hospital S\u00e3o Paulo (Unifesp) \u2013 na Vila Clementino<\/li>\n\n\n\n<li class=\"has-medium-font-size\">Hospital S\u00e3o Luiz &#8211; Unidade Jabaquara<\/li>\n<\/ul>\n\n\n\n<p class=\"has-medium-font-size\">Essa proximidade com servi\u00e7os m\u00e9dicos traz mais tranquilidade para quem prioriza acesso r\u00e1pido a atendimento.<\/p>\n\n\n\n<p class=\"has-medium-font-size\">No campo da educa\u00e7\u00e3o, o bairro tamb\u00e9m apresenta boas op\u00e7\u00f5es:<\/p>\n\n\n\n<ul>\n<li class=\"has-medium-font-size\"><strong>Col\u00e9gio Santa Am\u00e1lia<\/strong><\/li>\n\n\n\n<li class=\"has-medium-font-size\">Col\u00e9gio Eben\u00e9zer<\/li>\n\n\n\n<li class=\"has-medium-font-size\">FAMESP (Faculdade M\u00e9todo de S\u00e3o Paulo)<\/li>\n<\/ul>\n\n\n\n<p class=\"has-medium-font-size\">Essas institui\u00e7\u00f5es atendem diferentes fases da vida, desde o ensino b\u00e1sico at\u00e9 o ensino superior.<\/p>\n\n\n\n<h2 class=\"wp-block-heading\"><strong>Bairro da Sa\u00fade \u00e9 seguro e bom para morar?<\/strong><\/h2>\n\n\n\n<p class=\"has-medium-font-size\">A percep\u00e7\u00e3o de seguran\u00e7a na regi\u00e3o varia de acordo com o ponto espec\u00edfico, mas \u00e1reas com maior circula\u00e7\u00e3o, como as pr\u00f3ximas ao metr\u00f4, tendem a ser mais movimentadas e bem iluminadas.<\/p>\n\n\n\n<p class=\"has-medium-font-size\">O perfil residencial de muitas ruas tamb\u00e9m contribui para uma rotina mais tranquila, com rondas frequentes, especialmente em regi\u00f5es como o Jardim da Sa\u00fade e o Bosque da Sa\u00fade.<\/p>\n\n\n\n<p class=\"has-medium-font-size\">Por isso, o bairro segue como uma escolha consistente para quem busca qualidade de vida sem abrir m\u00e3o da conex\u00e3o com o restante da cidade.<\/p>\n\n\n\n<p class=\"has-medium-font-size\">Se voc\u00ea quer conhecer oportunidades na regi\u00e3o, vale conferir os im\u00f3veis dispon\u00edveis na zona sul com a Gua\u00edra, incluindo op\u00e7\u00f5es na Sa\u00fade que se encaixam em diferentes perfis de compra ou loca\u00e7\u00e3o.<\/p>\n\n\n\n<p class=\"has-medium-font-size\"><strong>\u27a1\ufe0f<\/strong><a href=\"https:\/\/guairaimoveis.com.br\/imoveis?codigo=&amp;finalidade=Venda&amp;cidade=S%C3%A3o+Paulo&amp;bairros%5B%5D=Bosque+da+Sa%C3%BAde&amp;bairros%5B%5D=Sa%C3%BAde&amp;numeroquartos=&amp;valormin=&amp;valormax=\" target=\"_blank\" rel=\"noreferrer noopener\"><strong>Descubra as melhores oportunidades dispon\u00edveis na Sa\u00fade\u00a0<\/strong><\/a><\/p>\n","protected":false},"excerpt":{"rendered":"<p>Sa\u00fade, SP: descubra como \u00e9 morar no bairro da Sa\u00fade, infraestrutura, mobilidade, seguran\u00e7a e qualidade de vida na zona sul de S\u00e3o Paulo.<\/p>\n","protected":false},"author":2,"featured_media":6184,"comment_status":"open","ping_status":"open","sticky":false,"template":"","format":"standard","meta":{"footnotes":""},"categories":[3],"tags":[671],"yoast_head":"<!-- This site is optimized with the Yoast SEO plugin v21.6 - https:\/\/yoast.com\/wordpress\/plugins\/seo\/ -->\n<title>Bairro da Sa\u00fade, SP: conhe\u00e7a detalhes dessa regi\u00e3o na zona sul<\/title>\n<meta name=\"description\" content=\"Sa\u00fade, SP: descubra como \u00e9 morar no bairro da Sa\u00fade, infraestrutura, mobilidade, seguran\u00e7a e qualidade de vida na zona sul de S\u00e3o Paulo.\" \/>\n<meta name=\"robots\" content=\"index, follow, max-snippet:-1, max-image-preview:large, max-video-preview:-1\" \/>\n<link rel=\"canonical\" href=\"https:\/\/guairaimoveis.com.br\/blog\/saude-bairro-zona-sul-guia\/\" \/>\n<meta property=\"og:locale\" content=\"pt_BR\" \/>\n<meta property=\"og:type\" content=\"article\" \/>\n<meta property=\"og:title\" content=\"Bairro da Sa\u00fade, SP: conhe\u00e7a detalhes dessa regi\u00e3o na zona sul\" \/>\n<meta property=\"og:description\" content=\"Sa\u00fade, SP: descubra como \u00e9 morar no bairro da Sa\u00fade, infraestrutura, mobilidade, seguran\u00e7a e qualidade de vida na zona sul de S\u00e3o Paulo.\" \/>\n<meta property=\"og:url\" content=\"https:\/\/guairaimoveis.com.br\/blog\/saude-bairro-zona-sul-guia\/\" \/>\n<meta property=\"og:site_name\" content=\"Blog da Gua\u00edra\" \/>\n<meta property=\"article:published_time\" content=\"2026-04-27T11:15:20+00:00\" \/>\n<meta property=\"article:modified_time\" content=\"2026-04-27T11:15:21+00:00\" \/>\n<meta property=\"og:image\" content=\"https:\/\/guairaimoveis.com.br\/blog\/wp-content\/uploads\/2026\/04\/bairro-da-saude-sp-1-scaled.jpg\" \/>\n\t<meta property=\"og:image:width\" content=\"2560\" \/>\n\t<meta property=\"og:image:height\" content=\"1707\" \/>\n\t<meta property=\"og:image:type\" content=\"image\/jpeg\" \/>\n<meta name=\"author\" content=\"Gua\u00edra Neg\u00f3cios Imobili\u00e1rios\" \/>\n<meta name=\"twitter:card\" content=\"summary_large_image\" \/>\n<meta name=\"twitter:label1\" content=\"Escrito por\" \/>\n\t<meta name=\"twitter:data1\" content=\"Gua\u00edra Neg\u00f3cios Imobili\u00e1rios\" \/>\n\t<meta name=\"twitter:label2\" content=\"Est. tempo de leitura\" \/>\n\t<meta name=\"twitter:data2\" content=\"6 minutos\" \/>\n<!-- \/ Yoast SEO plugin. -->","yoast_head_json":{"title":"Bairro da Sa\u00fade, SP: conhe\u00e7a detalhes dessa regi\u00e3o na zona sul","description":"Sa\u00fade, SP: descubra como \u00e9 morar no bairro da Sa\u00fade, infraestrutura, mobilidade, seguran\u00e7a e qualidade de vida na zona sul de S\u00e3o Paulo.","robots":{"index":"index","follow":"follow","max-snippet":"max-snippet:-1","max-image-preview":"max-image-preview:large","max-video-preview":"max-video-preview:-1"},"canonical":"https:\/\/guairaimoveis.com.br\/blog\/saude-bairro-zona-sul-guia\/","og_locale":"pt_BR","og_type":"article","og_title":"Bairro da Sa\u00fade, SP: conhe\u00e7a detalhes dessa regi\u00e3o na zona sul","og_description":"Sa\u00fade, SP: descubra como \u00e9 morar no bairro da Sa\u00fade, infraestrutura, mobilidade, seguran\u00e7a e qualidade de vida na zona sul de S\u00e3o Paulo.","og_url":"https:\/\/guairaimoveis.com.br\/blog\/saude-bairro-zona-sul-guia\/","og_site_name":"Blog da Gua\u00edra","article_published_time":"2026-04-27T11:15:20+00:00","article_modified_time":"2026-04-27T11:15:21+00:00","og_image":[{"width":2560,"height":1707,"url":"https:\/\/guairaimoveis.com.br\/blog\/wp-content\/uploads\/2026\/04\/bairro-da-saude-sp-1-scaled.jpg","type":"image\/jpeg"}],"author":"Gua\u00edra Neg\u00f3cios Imobili\u00e1rios","twitter_card":"summary_large_image","twitter_misc":{"Escrito por":"Gua\u00edra Neg\u00f3cios Imobili\u00e1rios","Est. tempo de leitura":"6 minutos"},"schema":{"@context":"https:\/\/schema.org","@graph":[{"@type":"Article","@id":"https:\/\/guairaimoveis.com.br\/blog\/saude-bairro-zona-sul-guia\/#article","isPartOf":{"@id":"https:\/\/guairaimoveis.com.br\/blog\/saude-bairro-zona-sul-guia\/"},"author":{"name":"Gua\u00edra Neg\u00f3cios Imobili\u00e1rios","@id":"https:\/\/guairaimoveis.com.br\/blog\/#\/schema\/person\/40e0b9c04f378050e2a50c39a880ca48"},"headline":"Sa\u00fade, SP: como \u00e9 morar no bairro da Sa\u00fade na zona sul","datePublished":"2026-04-27T11:15:20+00:00","dateModified":"2026-04-27T11:15:21+00:00","mainEntityOfPage":{"@id":"https:\/\/guairaimoveis.com.br\/blog\/saude-bairro-zona-sul-guia\/"},"wordCount":1141,"commentCount":0,"publisher":{"@id":"https:\/\/guairaimoveis.com.br\/blog\/#organization"},"keywords":["bairro da sa\u00fade"],"articleSection":["Dicas"],"inLanguage":"pt-BR","potentialAction":[{"@type":"CommentAction","name":"Comment","target":["https:\/\/guairaimoveis.com.br\/blog\/saude-bairro-zona-sul-guia\/#respond"]}]},{"@type":"WebPage","@id":"https:\/\/guairaimoveis.com.br\/blog\/saude-bairro-zona-sul-guia\/","url":"https:\/\/guairaimoveis.com.br\/blog\/saude-bairro-zona-sul-guia\/","name":"Bairro da Sa\u00fade, SP: conhe\u00e7a detalhes dessa regi\u00e3o na zona sul","isPartOf":{"@id":"https:\/\/guairaimoveis.com.br\/blog\/#website"},"datePublished":"2026-04-27T11:15:20+00:00","dateModified":"2026-04-27T11:15:21+00:00","description":"Sa\u00fade, SP: descubra como \u00e9 morar no bairro da Sa\u00fade, infraestrutura, mobilidade, seguran\u00e7a e qualidade de vida na zona sul de S\u00e3o Paulo.","breadcrumb":{"@id":"https:\/\/guairaimoveis.com.br\/blog\/saude-bairro-zona-sul-guia\/#breadcrumb"},"inLanguage":"pt-BR","potentialAction":[{"@type":"ReadAction","target":["https:\/\/guairaimoveis.com.br\/blog\/saude-bairro-zona-sul-guia\/"]}]},{"@type":"BreadcrumbList","@id":"https:\/\/guairaimoveis.com.br\/blog\/saude-bairro-zona-sul-guia\/#breadcrumb","itemListElement":[{"@type":"ListItem","position":1,"name":"In\u00edcio","item":"https:\/\/guairaimoveis.com.br\/blog\/"},{"@type":"ListItem","position":2,"name":"Sa\u00fade, SP: como \u00e9 morar no bairro da Sa\u00fade na zona sul"}]},{"@type":"WebSite","@id":"https:\/\/guairaimoveis.com.br\/blog\/#website","url":"https:\/\/guairaimoveis.com.br\/blog\/","name":"Blog da Gua\u00edra","description":"Aqui voc\u00ea vai encontrar conte\u00fados incr\u00edveis sobre o mercado imobili\u00e1rio e tirar todas as d\u00favidas que voc\u00ea tem na hora de comprar, alugar ou negociar um im\u00f3vel.","publisher":{"@id":"https:\/\/guairaimoveis.com.br\/blog\/#organization"},"alternateName":"Gua\u00edra","potentialAction":[{"@type":"SearchAction","target":{"@type":"EntryPoint","urlTemplate":"https:\/\/guairaimoveis.com.br\/blog\/?s={search_term_string}"},"query-input":"required name=search_term_string"}],"inLanguage":"pt-BR"},{"@type":"Organization","@id":"https:\/\/guairaimoveis.com.br\/blog\/#organization","name":"Blog da Gua\u00edra","url":"https:\/\/guairaimoveis.com.br\/blog\/","logo":{"@type":"ImageObject","inLanguage":"pt-BR","@id":"https:\/\/guairaimoveis.com.br\/blog\/#\/schema\/logo\/image\/","url":"https:\/\/guairaimoveis.com.br\/blog\/wp-content\/uploads\/2022\/04\/logo-200x55-1.png","contentUrl":"https:\/\/guairaimoveis.com.br\/blog\/wp-content\/uploads\/2022\/04\/logo-200x55-1.png","width":200,"height":55,"caption":"Blog da Gua\u00edra"},"image":{"@id":"https:\/\/guairaimoveis.com.br\/blog\/#\/schema\/logo\/image\/"}},{"@type":"Person","@id":"https:\/\/guairaimoveis.com.br\/blog\/#\/schema\/person\/40e0b9c04f378050e2a50c39a880ca48","name":"Gua\u00edra Neg\u00f3cios Imobili\u00e1rios","image":{"@type":"ImageObject","inLanguage":"pt-BR","@id":"https:\/\/guairaimoveis.com.br\/blog\/#\/schema\/person\/image\/","url":"https:\/\/secure.gravatar.com\/avatar\/4f6f5c8fa05083d65db1b175f0c4b8b0?s=96&d=mm&r=g","contentUrl":"https:\/\/secure.gravatar.com\/avatar\/4f6f5c8fa05083d65db1b175f0c4b8b0?s=96&d=mm&r=g","caption":"Gua\u00edra Neg\u00f3cios Imobili\u00e1rios"},"sameAs":["growww"],"url":"https:\/\/guairaimoveis.com.br\/blog\/author\/blogguairaimoveis\/"}]}},"_links":{"self":[{"href":"https:\/\/guairaimoveis.com.br\/blog\/wp-json\/wp\/v2\/posts\/6183"}],"collection":[{"href":"https:\/\/guairaimoveis.com.br\/blog\/wp-json\/wp\/v2\/posts"}],"about":[{"href":"https:\/\/guairaimoveis.com.br\/blog\/wp-json\/wp\/v2\/types\/post"}],"author":[{"embeddable":true,"href":"https:\/\/guairaimoveis.com.br\/blog\/wp-json\/wp\/v2\/users\/2"}],"replies":[{"embeddable":true,"href":"https:\/\/guairaimoveis.com.br\/blog\/wp-json\/wp\/v2\/comments?post=6183"}],"version-history":[{"count":1,"href":"https:\/\/guairaimoveis.com.br\/blog\/wp-json\/wp\/v2\/posts\/6183\/revisions"}],"predecessor-version":[{"id":6185,"href":"https:\/\/guairaimoveis.com.br\/blog\/wp-json\/wp\/v2\/posts\/6183\/revisions\/6185"}],"wp:featuredmedia":[{"embeddable":true,"href":"https:\/\/guairaimoveis.com.br\/blog\/wp-json\/wp\/v2\/media\/6184"}],"wp:attachment":[{"href":"https:\/\/guairaimoveis.com.br\/blog\/wp-json\/wp\/v2\/media?parent=6183"}],"wp:term":[{"taxonomy":"category","embeddable":true,"href":"https:\/\/guairaimoveis.com.br\/blog\/wp-json\/wp\/v2\/categories?post=6183"},{"taxonomy":"post_tag","embeddable":true,"href":"https:\/\/guairaimoveis.com.br\/blog\/wp-json\/wp\/v2\/tags?post=6183"}],"curies":[{"name":"wp","href":"https:\/\/api.w.org\/{rel}","templated":true}]}}